{"id":112,"date":"2010-05-21T14:05:00","date_gmt":"2010-05-21T14:05:00","guid":{"rendered":"http:\/\/www.matthiaschenk.de\/?p=112"},"modified":"2024-05-14T17:36:42","modified_gmt":"2024-05-14T15:36:42","slug":"zu-gast-im-schlos-die-gedanken-sind-frei","status":"publish","type":"post","link":"http:\/\/www.matthiaschenk.de\/?p=112","title":{"rendered":"Zu Gast im Schlo\u00df: Die Gedanken sind frei!"},"content":{"rendered":"<p>Am Mittwoch, den 26. Mai um 20 Uhr besucht uns Gernot Kirchner im Schlo\u00df. Gernot Kirchner war Leiter der Jugendstrafanstalt in Wiesbaden und wir haben \u00fcber 10 Jahre intensiv zusammengearbeitet. Hier das verfallene Schlo\u00df und ein Haufen Arbeit, dort junge M\u00e4nner, die oft nicht wissen wohin mit ihren Kr\u00e4ften. So kam es, da\u00df Strafgefangene\u00a0 freiwillig in ihrer Freizeit am Wiederaufbau des Schlosses mitgewirkt haben.\u00a0F\u00fcr die Gefangenen war dies eine M\u00f6glichkeit zur Wiedergutmachung. Einige Gefangene haben uns \u00fcber ein Jahr hier im Schlo\u00df begleitet und zwei Strafgefangene habe auch nach ihrer Entlassung aus der Haft bei uns weitergearbeitet. Aus diesen Anf\u00e4ngen ist mit den Jahren ein unglaubliches Netzwerk mit K\u00fcnstlerinnen und K\u00fcnstlern, Handwerkern, Unternehmern und Organisationen entstanden. Das Projekt &#8222;Architektur als Strafe&#8220; mit Kunststudenten der Alanus Hochschule hat die ersten Zellen, Flure , Toiletten und Aufenthaltsr\u00e4ume der Bediensteten gestaltet (Farben, Lampen, M\u00f6bel). Daraus wurde ein Projekt &#8222;Das Essen darf keine Strafe sein&#8220; und in \u00fcber 2 j\u00e4hriger Bauzeit wurde ein Speisesaal mit und f\u00fcr die Gefangenen entworfen und gebaut. Der K\u00fcnstler Peter Andreas Mothes hat zusammen mit Gefangenen einen Andachtsraum gestaltet, ein ehemaliger Haftblock mit \u00fcber 30 Zellen wurde zu einem Haus der K\u00fcnste und wie das Holsschiff in die Anstalt kam, davon berichten wir am 26.Mai. Umgekehrt hat die Anstalt auch in unser Projekt hineingewirkt. &#8222;Was sind die Ziele?&#8220; &#8222;Sind die Ziele klar verarbredet?&#8220; &#8222;Wurden die Verabredungen auch festgehalten?&#8220;\u00a0 , das war Gernot Kirchners F\u00fchrungsinstrument: Ohne Ziel, kein Weg.<\/p>\n","protected":false},"excerpt":{"rendered":"<p>Am Mittwoch, den 26. Mai um 20 Uhr besucht uns Gernot Kirchner im Schlo\u00df. Gernot Kirchner war Leiter der Jugendstrafanstalt in Wiesbaden und wir haben \u00fcber 10 Jahre intensiv zusammengearbeitet. Hier das verfallene Schlo\u00df und ein Haufen Arbeit, dort junge M\u00e4nner, die oft nicht wissen wohin mit ihren Kr\u00e4ften. So kam es, da\u00df Strafgefangene\u00a0 freiwillig [&hellip;]<\/p>\n","protected":false},"author":3,"featured_media":0,"comment_status":"closed","ping_status":"open","sticky":false,"template":"","format":"standard","meta":{"footnotes":""},"categories":[1],"tags":[],"_links":{"self":[{"href":"http:\/\/www.matthiaschenk.de\/index.php?rest_route=\/wp\/v2\/posts\/112"}],"collection":[{"href":"http:\/\/www.matthiaschenk.de\/index.php?rest_route=\/wp\/v2\/posts"}],"about":[{"href":"http:\/\/www.matthiaschenk.de\/index.php?rest_route=\/wp\/v2\/types\/post"}],"author":[{"embeddable":true,"href":"http:\/\/www.matthiaschenk.de\/index.php?rest_route=\/wp\/v2\/users\/3"}],"replies":[{"embeddable":true,"href":"http:\/\/www.matthiaschenk.de\/index.php?rest_route=%2Fwp%2Fv2%2Fcomments&post=112"}],"version-history":[{"count":2,"href":"http:\/\/www.matthiaschenk.de\/index.php?rest_route=\/wp\/v2\/posts\/112\/revisions"}],"predecessor-version":[{"id":209,"href":"http:\/\/www.matthiaschenk.de\/index.php?rest_route=\/wp\/v2\/posts\/112\/revisions\/209"}],"wp:attachment":[{"href":"http:\/\/www.matthiaschenk.de\/index.php?rest_route=%2Fwp%2Fv2%2Fmedia&parent=112"}],"wp:term":[{"taxonomy":"category","embeddable":true,"href":"http:\/\/www.matthiaschenk.de\/index.php?rest_route=%2Fwp%2Fv2%2Fcategories&post=112"},{"taxonomy":"post_tag","embeddable":true,"href":"http:\/\/www.matthiaschenk.de\/index.php?rest_route=%2Fwp%2Fv2%2Ftags&post=112"}],"curies":[{"name":"wp","href":"https:\/\/api.w.org\/{rel}","templated":true}]}}