{"id":329,"date":"2012-03-09T08:57:50","date_gmt":"2012-03-09T08:57:50","guid":{"rendered":"http:\/\/www.matthiaschenk.de\/?p=329"},"modified":"2024-05-14T17:36:30","modified_gmt":"2024-05-14T15:36:30","slug":"vom-allgemeinen-und-vom-einzelnen","status":"publish","type":"post","link":"http:\/\/www.matthiaschenk.de\/?p=329","title":{"rendered":"Vom Allgemeinen und vom Einzelnen"},"content":{"rendered":"<p>\u201eMan nehme ein Gleichnis von einem Menschen, der zwischen den Bergen seinen Wohnsitz hat und nichts wei\u00df von dem Wohnen in der Stadt. Ein solcher Mensch s\u00e4t Weizen und isst die Weizenk\u00f6rner. Eines Tages kam er in die Stadt, da brachte man ihm feines Brot. Er fragte, wozu das diene, man sagte ihm: zum Essen. Nachdem er es gegessen und es ihm wohlgeschmeckt hatte, fragte er: Woraus ist das gemacht? Man sagte ihm: aus Weizen. Ein anderesmal brachte man ihm in \u00d6l gebackene Kuchen. Er kostete und fragte: woraus ist dies gemacht? Man sagte ihm: Aus Weizen. Dann brachte man ihm k\u00f6nigliche Fladen, in Honig und in \u00d6l gebacken. Er fragte: Und woraus ist dies gemacht? Man sagte ihm: Aus Weizen. Da rief er aus: dann bin ich der Herr von all diesem, da ich den eigentlichen Inhalt all dieser Speisen, den Weizen, selber esse. Mit dieser Meinung wusste er aber nichts von den Freuden der Welt, die gingen ihm verloren. So ist derjenige, der das Allgemeine aufnimmt und all die einzelnen Freuden gar nicht kennt, die aus diesem Allgemeinen stammen.\u201c<\/p>\n","protected":false},"excerpt":{"rendered":"<p>\u201eMan nehme ein Gleichnis von einem Menschen, der zwischen den Bergen seinen Wohnsitz hat und nichts wei\u00df von dem Wohnen in der Stadt. Ein solcher Mensch s\u00e4t Weizen und isst die Weizenk\u00f6rner. Eines Tages kam er in die Stadt, da brachte man ihm feines Brot. Er fragte, wozu das diene, man sagte ihm: zum Essen. [&hellip;]<\/p>\n","protected":false},"author":3,"featured_media":0,"comment_status":"closed","ping_status":"open","sticky":false,"template":"","format":"standard","meta":{"footnotes":""},"categories":[1],"tags":[],"_links":{"self":[{"href":"http:\/\/www.matthiaschenk.de\/index.php?rest_route=\/wp\/v2\/posts\/329"}],"collection":[{"href":"http:\/\/www.matthiaschenk.de\/index.php?rest_route=\/wp\/v2\/posts"}],"about":[{"href":"http:\/\/www.matthiaschenk.de\/index.php?rest_route=\/wp\/v2\/types\/post"}],"author":[{"embeddable":true,"href":"http:\/\/www.matthiaschenk.de\/index.php?rest_route=\/wp\/v2\/users\/3"}],"replies":[{"embeddable":true,"href":"http:\/\/www.matthiaschenk.de\/index.php?rest_route=%2Fwp%2Fv2%2Fcomments&post=329"}],"version-history":[{"count":5,"href":"http:\/\/www.matthiaschenk.de\/index.php?rest_route=\/wp\/v2\/posts\/329\/revisions"}],"predecessor-version":[{"id":386,"href":"http:\/\/www.matthiaschenk.de\/index.php?rest_route=\/wp\/v2\/posts\/329\/revisions\/386"}],"wp:attachment":[{"href":"http:\/\/www.matthiaschenk.de\/index.php?rest_route=%2Fwp%2Fv2%2Fmedia&parent=329"}],"wp:term":[{"taxonomy":"category","embeddable":true,"href":"http:\/\/www.matthiaschenk.de\/index.php?rest_route=%2Fwp%2Fv2%2Fcategories&post=329"},{"taxonomy":"post_tag","embeddable":true,"href":"http:\/\/www.matthiaschenk.de\/index.php?rest_route=%2Fwp%2Fv2%2Ftags&post=329"}],"curies":[{"name":"wp","href":"https:\/\/api.w.org\/{rel}","templated":true}]}}