{"id":426,"date":"2012-07-04T17:24:42","date_gmt":"2012-07-04T17:24:42","guid":{"rendered":"http:\/\/www.matthiaschenk.de\/?p=426"},"modified":"2024-05-14T17:36:30","modified_gmt":"2024-05-14T15:36:30","slug":"die-kunst-des-erkennens","status":"publish","type":"post","link":"http:\/\/www.matthiaschenk.de\/?p=426","title":{"rendered":"Die Kunst des Erkennens"},"content":{"rendered":"<p>In einer Einladung zur Akademie f\u00fcr Weltkultur fand ich diesen Hinweis, der mir so manches neue R\u00e4tsel aufgibt: Gottfried Edel, der umtrtiebige und geduldige Akademieleiter schreibt: Liebe Freunde, s\u00fcndigte Adam damit, da\u00df er &#8211; wissbegierig &#8211; vom Baum der Erkenntnis a\u00df und s\u00fcndigte er nicht viel mehr dadurch, da\u00df er nicht auch Fr\u00fcchte vom Baum des Lebens pfl\u00fcckte? Denn beide B\u00e4ume standen mitten im Paradiesgarten und waren &#8211; m\u00f6glicherweise -leicht zu verwechseln. Als Gott den T\u00e4ter und seine Gef\u00e4hrtin Eva &#8211; verbotene Erkenntnis (Gen 2,17\u00a0) s\u00fchnend, gebotenes Leben )Joh 12,50) versagend &#8211; des Gartens verwies, gab er beiden je einen Tr\u00edeb eines der beiden B\u00e4ume &#8222;zur Erinnerung&#8220; mit auf den Weg: Adam einen Trieb vom Baum der Erkenntnis, Eva entsprechend einen Trieb vom Baum des Lebens. Eva pflegte den sch\u00f6\u00dfling, bis er zur Gr\u00f6\u00dfe eines lebendig bl\u00fchenden Busches heranwuchs &#8211; in der vergeblichen Hoffnung auf fr\u00fcchte. Adam erzielte &#8211; mangels hegender Sorgfalt &#8211; mit seinem Spro\u00df nur ein unansehliches Erkenntisgestr\u00fcpp, das immer auch dann, wenn es mit Pfr\u00f6pflingen der Kunst oder Religion veredelt, mit leuchtenden Ideenkugeln verziert worden war, \u00fcber kl\u00e4gliche Wirkung nicht hinauskam. Da kam ihnen das Erinnern des verlorenen Gartens zur Hilfe: darin &#8211; &#8222;inmitten&#8220; und zum Verwechseln \u00e4hnlich &#8211; die beiden B\u00e4ume des Lebens und der Erkenntnis . Lag das Geheimnis ihres Gedeihens nicht in ihrem untrennbaren Zusammensein? (&#8230;) Langsam w\u00e4chst das Wissen darum, da\u00df Erkenntis nicht durch Theorien, da\u00df sie statt dessen im Erfahren der Wahrheit des Lebens errungen werde, da\u00df Leben sich nicht in Gewinn und Erfolg, vielmehr im Erkennen des Wirklichen erf\u00fcllt.<\/p>\n<p>s<\/p>\n","protected":false},"excerpt":{"rendered":"<p>In einer Einladung zur Akademie f\u00fcr Weltkultur fand ich diesen Hinweis, der mir so manches neue R\u00e4tsel aufgibt: Gottfried Edel, der umtrtiebige und geduldige Akademieleiter schreibt: Liebe Freunde, s\u00fcndigte Adam damit, da\u00df er &#8211; wissbegierig &#8211; vom Baum der Erkenntnis a\u00df und s\u00fcndigte er nicht viel mehr dadurch, da\u00df er nicht auch Fr\u00fcchte vom Baum [&hellip;]<\/p>\n","protected":false},"author":3,"featured_media":0,"comment_status":"closed","ping_status":"open","sticky":false,"template":"","format":"standard","meta":{"footnotes":""},"categories":[1],"tags":[],"_links":{"self":[{"href":"http:\/\/www.matthiaschenk.de\/index.php?rest_route=\/wp\/v2\/posts\/426"}],"collection":[{"href":"http:\/\/www.matthiaschenk.de\/index.php?rest_route=\/wp\/v2\/posts"}],"about":[{"href":"http:\/\/www.matthiaschenk.de\/index.php?rest_route=\/wp\/v2\/types\/post"}],"author":[{"embeddable":true,"href":"http:\/\/www.matthiaschenk.de\/index.php?rest_route=\/wp\/v2\/users\/3"}],"replies":[{"embeddable":true,"href":"http:\/\/www.matthiaschenk.de\/index.php?rest_route=%2Fwp%2Fv2%2Fcomments&post=426"}],"version-history":[{"count":1,"href":"http:\/\/www.matthiaschenk.de\/index.php?rest_route=\/wp\/v2\/posts\/426\/revisions"}],"predecessor-version":[{"id":427,"href":"http:\/\/www.matthiaschenk.de\/index.php?rest_route=\/wp\/v2\/posts\/426\/revisions\/427"}],"wp:attachment":[{"href":"http:\/\/www.matthiaschenk.de\/index.php?rest_route=%2Fwp%2Fv2%2Fmedia&parent=426"}],"wp:term":[{"taxonomy":"category","embeddable":true,"href":"http:\/\/www.matthiaschenk.de\/index.php?rest_route=%2Fwp%2Fv2%2Fcategories&post=426"},{"taxonomy":"post_tag","embeddable":true,"href":"http:\/\/www.matthiaschenk.de\/index.php?rest_route=%2Fwp%2Fv2%2Ftags&post=426"}],"curies":[{"name":"wp","href":"https:\/\/api.w.org\/{rel}","templated":true}]}}