{"id":453,"date":"2012-10-12T11:26:34","date_gmt":"2012-10-12T11:26:34","guid":{"rendered":"http:\/\/www.matthiaschenk.de\/?p=453"},"modified":"2024-05-14T17:36:30","modified_gmt":"2024-05-14T15:36:30","slug":"vom-verduften-und-vom-stinken","status":"publish","type":"post","link":"http:\/\/www.matthiaschenk.de\/?p=453","title":{"rendered":"Vom Verduften und vom Stinken"},"content":{"rendered":"<p>Mittwoch, 31. Oktober 19:30 Uhr im Schlo\u00dfcaf\u00e9: Ein Abend mit Peter Tintelnot (Mentor, Strategie-Berater, Herausforderer und Herausf\u00f6rderer). Sein aktuelles Forschungs- und Arbeitsgebiet ist die &#8222;gute Stimmung&#8220; und die Atmosph\u00e4re (von griechisch \u1f00\u03c4\u03bc\u03cc\u03c2, atm\u00f3s \u201eDampf, Dunst, Hauch\u201c und \u03c3\u03c6\u03b1\u1fd6\u03c1\u03b1, sphaira \u201eKugel\u201c) die in einem Unternehmen herrscht. Dies nimmt Peter Tintelnot ganz w\u00f6rtlich und beduftet R\u00e4ume, Hallen, Flure&#8230; mit eigens f\u00fcr die Situation abgestimmten D\u00fcften.<br \/>\nAlles dreht sich an diesem Abend um den Duft, ums Verduften, um unseren guten Richer den Geruchssinn.<\/p>\n<p>Im Verbindungstunnel Terminal 1 (A-B) am Flughafen Frankfurt wird seit 1998 ein exklusiv f\u00fcr dieses Projekt entwickelter, nat\u00fcrlicher Stimmungsduft \u00fcber die Klimaanlage ganz dezent zerst\u00e4ubt. Die Komposition \u201eClear Air\u201c mit Rosmarin und Minze sorgt f\u00fcr Frische und wirkt &#8211; neben Licht- und Klangelementen &#8211; als positives Raumgestaltungstool im Tunnel. Besucher und Flugg\u00e4ste nehmen den ca. 300 Meter langen Durchgang auf diese Weise positiv wahr. Dies ergab eine Befragung, die von der Deutschen Lufthansa, der Initiatorin des Projekts.<br \/>\nSeit 1995 l\u00e4uft die Naturduft-Aromatisierung in den von Andr\u00e9 Heller geschaffenen Swarovski Kristallwelten. Aufgrund des gro\u00dfen Erfolges wurde die Fl\u00e4che seit Er\u00f6ffnung mehrmals erweitert. Heute wird die eventbezogene Naturduft-Aromatisierung auf 6000 m\u00b2 zu au\u00dfergew\u00f6hnlichen Kunstinstallationen mit kalter Feinstzerst\u00e4ubung \u00fcber mehrere Ger\u00e4te realisiert. Positiver Nebeneffekt: Der Duft war auch im angrenzenden Shop zu schnuppern, so dass sich dort eine Umsatzsteigerung ergab. Die Verantwortlichen f\u00fchrten dies auf die l\u00e4ngere Verweildauer der Besucher aufgrund der angenehmen Raumatmosph\u00e4re zur\u00fcck. <\/p>\n","protected":false},"excerpt":{"rendered":"<p>Mittwoch, 31. Oktober 19:30 Uhr im Schlo\u00dfcaf\u00e9: Ein Abend mit Peter Tintelnot (Mentor, Strategie-Berater, Herausforderer und Herausf\u00f6rderer). Sein aktuelles Forschungs- und Arbeitsgebiet ist die &#8222;gute Stimmung&#8220; und die Atmosph\u00e4re (von griechisch \u1f00\u03c4\u03bc\u03cc\u03c2, atm\u00f3s \u201eDampf, Dunst, Hauch\u201c und \u03c3\u03c6\u03b1\u1fd6\u03c1\u03b1, sphaira \u201eKugel\u201c) die in einem Unternehmen herrscht. Dies nimmt Peter Tintelnot ganz w\u00f6rtlich und beduftet R\u00e4ume, Hallen, [&hellip;]<\/p>\n","protected":false},"author":3,"featured_media":0,"comment_status":"closed","ping_status":"open","sticky":false,"template":"","format":"standard","meta":{"footnotes":""},"categories":[1],"tags":[],"_links":{"self":[{"href":"http:\/\/www.matthiaschenk.de\/index.php?rest_route=\/wp\/v2\/posts\/453"}],"collection":[{"href":"http:\/\/www.matthiaschenk.de\/index.php?rest_route=\/wp\/v2\/posts"}],"about":[{"href":"http:\/\/www.matthiaschenk.de\/index.php?rest_route=\/wp\/v2\/types\/post"}],"author":[{"embeddable":true,"href":"http:\/\/www.matthiaschenk.de\/index.php?rest_route=\/wp\/v2\/users\/3"}],"replies":[{"embeddable":true,"href":"http:\/\/www.matthiaschenk.de\/index.php?rest_route=%2Fwp%2Fv2%2Fcomments&post=453"}],"version-history":[{"count":2,"href":"http:\/\/www.matthiaschenk.de\/index.php?rest_route=\/wp\/v2\/posts\/453\/revisions"}],"predecessor-version":[{"id":549,"href":"http:\/\/www.matthiaschenk.de\/index.php?rest_route=\/wp\/v2\/posts\/453\/revisions\/549"}],"wp:attachment":[{"href":"http:\/\/www.matthiaschenk.de\/index.php?rest_route=%2Fwp%2Fv2%2Fmedia&parent=453"}],"wp:term":[{"taxonomy":"category","embeddable":true,"href":"http:\/\/www.matthiaschenk.de\/index.php?rest_route=%2Fwp%2Fv2%2Fcategories&post=453"},{"taxonomy":"post_tag","embeddable":true,"href":"http:\/\/www.matthiaschenk.de\/index.php?rest_route=%2Fwp%2Fv2%2Ftags&post=453"}],"curies":[{"name":"wp","href":"https:\/\/api.w.org\/{rel}","templated":true}]}}